{"id":2921,"date":"2022-03-11T10:44:07","date_gmt":"2022-03-11T09:44:07","guid":{"rendered":"https:\/\/www.l-aroma.it\/?p=2921"},"modified":"2022-03-11T10:45:03","modified_gmt":"2022-03-11T09:45:03","slug":"come-si-usa-il-nobile-anice-stellato","status":"publish","type":"post","link":"https:\/\/www.l-aroma.it\/en\/come-si-usa-il-nobile-anice-stellato\/","title":{"rendered":"Come si usa: il nobile anice stellato"},"content":{"rendered":"<p><strong>L\u2019anice stellato<\/strong> \u00e8 una spezia dalle qualit\u00e0 eccezionali, che si presta agli usi pi\u00f9 disparati, non solo infusi e tisane, in cui siamo pi\u00f9 abituati a trovarlo. Alcuni lo confondono con l&#8217;anice per il <strong>sapore<\/strong> molto somigliante, <strong>dolce e pungente<\/strong>, simile a quello della liquirizia, ma sono due aromi molto diversi.<\/p>\n<p>Si tratta di una spezia davvero <strong>nobile<\/strong>, a cominciare dall\u2019aspetto: una bella stella, ragion per cui \u00e8 spesso utilizzata anche solo per scopo decorativo.<\/p>\n<p>L\u2019anice stellato si pu\u00f2 usare <strong>sia per ricette salate che dolci<\/strong>: primi piatti, carni arrosto o al forno, contorni e dessert.<\/p>\n<p>Ne basta un pizzico per donare alle preparazioni pi\u00f9 dolci un<strong> profumo intenso<\/strong>. Per questo si sostituisce spesso a zenzero e cannella. La<strong> torta Cha\u00ef latte<\/strong> di <a class=\"sqdOP yWX7d _8A5w5 ZIAjV \" tabindex=\"0\" href=\"https:\/\/www.instagram.com\/p\/CVPKGwqoSzT\/\" target=\"_blank\" rel=\"noopener\">@mangiocomeviaggio<\/a>, per esempio: sono l&#8217;anice stellato, la cannella, il cardamomo e lo zenzero che restano in infusione a dare a questo dolce un sapore unico.<\/p>\n<div class=\"gruppo-ancore--item paragraph editoriale paragraph--view--default\">\n<div class=\"container\">\n<div class=\"gruppo-ancore--item--content clearfix\">\n<div id=\"attachment_2926\" style=\"width: 829px\" class=\"wp-caption aligncenter\"><img loading=\"lazy\" decoding=\"async\" aria-describedby=\"caption-attachment-2926\" class=\"wp-image-2926 size-large\" src=\"https:\/\/www.l-aroma.it\/wp-content\/uploads\/2022\/03\/246580833_371156831426075_4690082654135418070_n-819x1024.jpg\" alt=\"\" width=\"819\" height=\"1024\" srcset=\"https:\/\/www.l-aroma.it\/wp-content\/uploads\/2022\/03\/246580833_371156831426075_4690082654135418070_n-819x1024.jpg 819w, https:\/\/www.l-aroma.it\/wp-content\/uploads\/2022\/03\/246580833_371156831426075_4690082654135418070_n-480x600.jpg 480w, https:\/\/www.l-aroma.it\/wp-content\/uploads\/2022\/03\/246580833_371156831426075_4690082654135418070_n-768x960.jpg 768w, https:\/\/www.l-aroma.it\/wp-content\/uploads\/2022\/03\/246580833_371156831426075_4690082654135418070_n.jpg 1080w\" sizes=\"auto, (max-width: 819px) 100vw, 819px\" \/><p id=\"caption-attachment-2926\" class=\"wp-caption-text\">@mangiocomeviaggio<\/p><\/div>\n<div class=\"gruppo-ancore--item--text expandable-area opened\">\n<div class=\"expandable-area-text\">\n<p>\u00c8 ingrediente fondamentale per preparare\u00a0per alcune <strong>bevande alcoliche<\/strong> come il vin brul\u00e8, la sambuca, il pastis, l\u2019ouzo e l\u2019assenzio.<\/p>\n<\/div>\n<p>In <strong>brodi, minestre e zuppe<\/strong> \u00e8 un aroma che si aggiunge spesso per dare una nota particolare.<\/p>\n<\/div>\n<\/div>\n<p>Conferisce un gusto particolare ai piatti a base di <strong>patate, verdure o arrosti<\/strong>. Come la ricetta di <a href=\"https:\/\/www.instagram.com\/p\/CVTBxMZgJk2\/\" target=\"_blank\" rel=\"noopener\">@cuchina.it<\/a>, in cui la carne di manzo viene stufata per pi\u00f9 di due ore con spezie e aromi vari, tra cui appunto l&#8217;anice stellato, la cannella e le foglie di alloro.<\/p>\n<div id=\"attachment_2922\" style=\"width: 930px\" class=\"wp-caption aligncenter\"><a href=\"https:\/\/www.instagram.com\/p\/CVTBxMZgJk2\/\"><img loading=\"lazy\" decoding=\"async\" aria-describedby=\"caption-attachment-2922\" class=\"size-large wp-image-2922\" src=\"https:\/\/www.l-aroma.it\/wp-content\/uploads\/2022\/03\/246878482_550001496064438_6769297892969268239_n-920x1024.jpg\" alt=\"\" width=\"920\" height=\"1024\" srcset=\"https:\/\/www.l-aroma.it\/wp-content\/uploads\/2022\/03\/246878482_550001496064438_6769297892969268239_n-920x1024.jpg 920w, https:\/\/www.l-aroma.it\/wp-content\/uploads\/2022\/03\/246878482_550001496064438_6769297892969268239_n-539x600.jpg 539w, https:\/\/www.l-aroma.it\/wp-content\/uploads\/2022\/03\/246878482_550001496064438_6769297892969268239_n-768x855.jpg 768w, https:\/\/www.l-aroma.it\/wp-content\/uploads\/2022\/03\/246878482_550001496064438_6769297892969268239_n.jpg 1080w\" sizes=\"auto, (max-width: 920px) 100vw, 920px\" \/><\/a><p id=\"caption-attachment-2922\" class=\"wp-caption-text\">@cuchina.it<\/p><\/div>\n<\/div>\n<p>\u00c8 infine ideale per <strong>aromatizzare insalate di verdure e frutta e verdure cotte<\/strong>. Dalle classiche pere cotte alle teglie di frutta mista, come quella preparata da <a class=\"sqdOP yWX7d _8A5w5 ZIAjV \" tabindex=\"0\" href=\"https:\/\/www.instagram.com\/p\/CXwgAxaLLp6\/\" target=\"_blank\" rel=\"noopener\">@profumo.di.buono<\/a><\/p>\n<div id=\"attachment_2924\" style=\"width: 1034px\" class=\"wp-caption aligncenter\"><img loading=\"lazy\" decoding=\"async\" aria-describedby=\"caption-attachment-2924\" class=\"size-large wp-image-2924\" src=\"https:\/\/www.l-aroma.it\/wp-content\/uploads\/2022\/03\/269728507_277958407642903_1493722498532501798_n-1024x1024.jpg\" alt=\"\" width=\"1024\" height=\"1024\" srcset=\"https:\/\/www.l-aroma.it\/wp-content\/uploads\/2022\/03\/269728507_277958407642903_1493722498532501798_n-1024x1024.jpg 1024w, https:\/\/www.l-aroma.it\/wp-content\/uploads\/2022\/03\/269728507_277958407642903_1493722498532501798_n-600x600.jpg 600w, https:\/\/www.l-aroma.it\/wp-content\/uploads\/2022\/03\/269728507_277958407642903_1493722498532501798_n-300x300.jpg 300w, https:\/\/www.l-aroma.it\/wp-content\/uploads\/2022\/03\/269728507_277958407642903_1493722498532501798_n-768x768.jpg 768w, https:\/\/www.l-aroma.it\/wp-content\/uploads\/2022\/03\/269728507_277958407642903_1493722498532501798_n-700x700.jpg 700w, https:\/\/www.l-aroma.it\/wp-content\/uploads\/2022\/03\/269728507_277958407642903_1493722498532501798_n.jpg 1080w\" sizes=\"auto, (max-width: 1024px) 100vw, 1024px\" \/><p id=\"caption-attachment-2924\" class=\"wp-caption-text\">@profumo.di.buono<\/p><\/div>\n<\/div>\n","protected":false},"excerpt":{"rendered":"<p>L\u2019anice stellato \u00e8 una spezia dalle qualit\u00e0 eccezionali, che si presta agli usi pi\u00f9 disparati, non solo infusi e tisane, in cui siamo pi\u00f9 abituati a trovarlo. Alcuni lo confondono con l&#8217;anice per il sapore molto somigliante, dolce e pungente, simile a quello della liquirizia, ma sono due aromi molto diversi. Si tratta di una spezia davvero nobile, a cominciare [&hellip;]<\/p>\n","protected":false},"author":6,"featured_media":2936,"comment_status":"closed","ping_status":"closed","sticky":false,"template":"","format":"standard","meta":{"footnotes":""},"categories":[20],"tags":[109,22],"class_list":["post-2921","post","type-post","status-publish","format-standard","has-post-thumbnail","hentry","category-come-si-usa","tag-anice-stellato","tag-come-si-usa"],"yoast_head":"<!-- This site is optimized with the Yoast SEO plugin v28.3 - https:\/\/yoast.com\/product\/yoast-seo-wordpress\/ -->\n<title>Come si usa: il nobile anice stellato<\/title>\n<meta name=\"description\" content=\"Una spezia nobile, a cominciare dall\u2019aspetto: una bella stella, ragion per cui \u00e8 spesso utilizzata anche solo a scopo decorativo.\" \/>\n<meta name=\"robots\" content=\"index, follow, max-snippet:-1, max-image-preview:large, max-video-preview:-1\" \/>\n<link rel=\"canonical\" href=\"https:\/\/www.l-aroma.it\/come-si-usa-il-nobile-anice-stellato\/\" \/>\n<meta property=\"og:locale\" content=\"en_US\" \/>\n<meta property=\"og:type\" content=\"article\" \/>\n<meta property=\"og:title\" content=\"Come si usa: il nobile anice stellato\" \/>\n<meta property=\"og:description\" content=\"Una spezia nobile, a cominciare dall\u2019aspetto: una bella stella, ragion per cui \u00e8 spesso utilizzata anche solo a scopo decorativo.\" \/>\n<meta property=\"og:url\" content=\"https:\/\/www.l-aroma.it\/come-si-usa-il-nobile-anice-stellato\/\" \/>\n<meta property=\"og:site_name\" content=\"l&#039;Aroma - Erbe, Spezie, Miscele aromatiche e Ricette di cucina\" \/>\n<meta property=\"article:publisher\" content=\"https:\/\/www.facebook.com\/laromaincucina\/\" \/>\n<meta property=\"article:published_time\" content=\"2022-03-11T09:44:07+00:00\" \/>\n<meta property=\"article:modified_time\" content=\"2022-03-11T09:45:03+00:00\" \/>\n<meta property=\"og:image\" content=\"https:\/\/www.l-aroma.it\/wp-content\/uploads\/2022\/03\/Anice-stellato-come-si-usa.jpeg\" \/>\n\t<meta property=\"og:image:width\" content=\"834\" \/>\n\t<meta property=\"og:image:height\" content=\"438\" \/>\n\t<meta property=\"og:image:type\" content=\"image\/jpeg\" \/>\n<meta name=\"author\" content=\"Antonia Cosentino\" \/>\n<meta name=\"twitter:card\" content=\"summary_large_image\" \/>\n<meta name=\"twitter:label1\" content=\"Written by\" \/>\n\t<meta name=\"twitter:data1\" content=\"Antonia Cosentino\" \/>\n\t<meta name=\"twitter:label2\" content=\"Est. reading time\" \/>\n\t<meta name=\"twitter:data2\" content=\"3 minutes\" \/>\n<script type=\"application\/ld+json\" class=\"yoast-schema-graph\">{\"@context\":\"https:\\\/\\\/schema.org\",\"@graph\":[{\"@type\":\"Article\",\"@id\":\"https:\\\/\\\/www.l-aroma.it\\\/come-si-usa-il-nobile-anice-stellato\\\/#article\",\"isPartOf\":{\"@id\":\"https:\\\/\\\/www.l-aroma.it\\\/come-si-usa-il-nobile-anice-stellato\\\/\"},\"author\":{\"name\":\"Antonia Cosentino\",\"@id\":\"https:\\\/\\\/www.l-aroma.it\\\/#\\\/schema\\\/person\\\/a32c3f714df3b26cad0476e0a1800d92\"},\"headline\":\"Come si usa: il nobile anice stellato\",\"datePublished\":\"2022-03-11T09:44:07+00:00\",\"dateModified\":\"2022-03-11T09:45:03+00:00\",\"mainEntityOfPage\":{\"@id\":\"https:\\\/\\\/www.l-aroma.it\\\/come-si-usa-il-nobile-anice-stellato\\\/\"},\"wordCount\":300,\"publisher\":{\"@id\":\"https:\\\/\\\/www.l-aroma.it\\\/#organization\"},\"image\":{\"@id\":\"https:\\\/\\\/www.l-aroma.it\\\/come-si-usa-il-nobile-anice-stellato\\\/#primaryimage\"},\"thumbnailUrl\":\"https:\\\/\\\/www.l-aroma.it\\\/wp-content\\\/uploads\\\/2022\\\/03\\\/Anice-stellato-come-si-usa.jpeg\",\"keywords\":[\"anice stellato\",\"come si usa\"],\"articleSection\":[\"Come si usa\"],\"inLanguage\":\"en-US\"},{\"@type\":\"WebPage\",\"@id\":\"https:\\\/\\\/www.l-aroma.it\\\/come-si-usa-il-nobile-anice-stellato\\\/\",\"url\":\"https:\\\/\\\/www.l-aroma.it\\\/come-si-usa-il-nobile-anice-stellato\\\/\",\"name\":\"Come si usa: il nobile anice stellato\",\"isPartOf\":{\"@id\":\"https:\\\/\\\/www.l-aroma.it\\\/#website\"},\"primaryImageOfPage\":{\"@id\":\"https:\\\/\\\/www.l-aroma.it\\\/come-si-usa-il-nobile-anice-stellato\\\/#primaryimage\"},\"image\":{\"@id\":\"https:\\\/\\\/www.l-aroma.it\\\/come-si-usa-il-nobile-anice-stellato\\\/#primaryimage\"},\"thumbnailUrl\":\"https:\\\/\\\/www.l-aroma.it\\\/wp-content\\\/uploads\\\/2022\\\/03\\\/Anice-stellato-come-si-usa.jpeg\",\"datePublished\":\"2022-03-11T09:44:07+00:00\",\"dateModified\":\"2022-03-11T09:45:03+00:00\",\"description\":\"Una spezia nobile, a cominciare dall\u2019aspetto: una bella stella, ragion per cui \u00e8 spesso utilizzata anche solo a scopo decorativo.\",\"breadcrumb\":{\"@id\":\"https:\\\/\\\/www.l-aroma.it\\\/come-si-usa-il-nobile-anice-stellato\\\/#breadcrumb\"},\"inLanguage\":\"en-US\",\"potentialAction\":[{\"@type\":\"ReadAction\",\"target\":[\"https:\\\/\\\/www.l-aroma.it\\\/come-si-usa-il-nobile-anice-stellato\\\/\"]}]},{\"@type\":\"ImageObject\",\"inLanguage\":\"en-US\",\"@id\":\"https:\\\/\\\/www.l-aroma.it\\\/come-si-usa-il-nobile-anice-stellato\\\/#primaryimage\",\"url\":\"https:\\\/\\\/www.l-aroma.it\\\/wp-content\\\/uploads\\\/2022\\\/03\\\/Anice-stellato-come-si-usa.jpeg\",\"contentUrl\":\"https:\\\/\\\/www.l-aroma.it\\\/wp-content\\\/uploads\\\/2022\\\/03\\\/Anice-stellato-come-si-usa.jpeg\",\"width\":834,\"height\":438},{\"@type\":\"BreadcrumbList\",\"@id\":\"https:\\\/\\\/www.l-aroma.it\\\/come-si-usa-il-nobile-anice-stellato\\\/#breadcrumb\",\"itemListElement\":[{\"@type\":\"ListItem\",\"position\":1,\"name\":\"Home\",\"item\":\"https:\\\/\\\/www.l-aroma.it\\\/en\\\/\"},{\"@type\":\"ListItem\",\"position\":2,\"name\":\"Come si usa: il nobile anice stellato\"}]},{\"@type\":\"WebSite\",\"@id\":\"https:\\\/\\\/www.l-aroma.it\\\/#website\",\"url\":\"https:\\\/\\\/www.l-aroma.it\\\/\",\"name\":\"l&#039;Aroma - Erbe, Spezie, Miscele aromatiche e Ricette di cucina\",\"description\":\"Sapore e Gusto in cucina\",\"publisher\":{\"@id\":\"https:\\\/\\\/www.l-aroma.it\\\/#organization\"},\"potentialAction\":[{\"@type\":\"SearchAction\",\"target\":{\"@type\":\"EntryPoint\",\"urlTemplate\":\"https:\\\/\\\/www.l-aroma.it\\\/?s={search_term_string}\"},\"query-input\":{\"@type\":\"PropertyValueSpecification\",\"valueRequired\":true,\"valueName\":\"search_term_string\"}}],\"inLanguage\":\"en-US\"},{\"@type\":\"Organization\",\"@id\":\"https:\\\/\\\/www.l-aroma.it\\\/#organization\",\"name\":\"l'Aroma - Sapore e Gusto in cucina\",\"url\":\"https:\\\/\\\/www.l-aroma.it\\\/\",\"logo\":{\"@type\":\"ImageObject\",\"inLanguage\":\"en-US\",\"@id\":\"https:\\\/\\\/www.l-aroma.it\\\/#\\\/schema\\\/logo\\\/image\\\/\",\"url\":\"https:\\\/\\\/www.l-aroma.it\\\/wp-content\\\/uploads\\\/2018\\\/04\\\/logo.png\",\"contentUrl\":\"https:\\\/\\\/www.l-aroma.it\\\/wp-content\\\/uploads\\\/2018\\\/04\\\/logo.png\",\"width\":302,\"height\":124,\"caption\":\"l'Aroma - Sapore e Gusto in cucina\"},\"image\":{\"@id\":\"https:\\\/\\\/www.l-aroma.it\\\/#\\\/schema\\\/logo\\\/image\\\/\"},\"sameAs\":[\"https:\\\/\\\/www.facebook.com\\\/laromaincucina\\\/\",\"https:\\\/\\\/www.instagram.com\\\/laromaincucina\\\/\",\"https:\\\/\\\/www.linkedin.com\\\/company\\\/l'aroma\\\/\"]},{\"@type\":\"Person\",\"@id\":\"https:\\\/\\\/www.l-aroma.it\\\/#\\\/schema\\\/person\\\/a32c3f714df3b26cad0476e0a1800d92\",\"name\":\"Antonia Cosentino\",\"image\":{\"@type\":\"ImageObject\",\"inLanguage\":\"en-US\",\"@id\":\"https:\\\/\\\/secure.gravatar.com\\\/avatar\\\/b34eaf96ff98486ad478b004838162ce3920716571ee10393c8dc35576158919?s=96&d=mm&r=g\",\"url\":\"https:\\\/\\\/secure.gravatar.com\\\/avatar\\\/b34eaf96ff98486ad478b004838162ce3920716571ee10393c8dc35576158919?s=96&d=mm&r=g\",\"contentUrl\":\"https:\\\/\\\/secure.gravatar.com\\\/avatar\\\/b34eaf96ff98486ad478b004838162ce3920716571ee10393c8dc35576158919?s=96&d=mm&r=g\",\"caption\":\"Antonia Cosentino\"},\"sameAs\":[\"http:\\\/\\\/www.add-design.it\"]}]}<\/script>\n<!-- \/ Yoast SEO plugin. -->","yoast_head_json":{"title":"Come si usa: il nobile anice stellato","description":"Una spezia nobile, a cominciare dall\u2019aspetto: una bella stella, ragion per cui \u00e8 spesso utilizzata anche solo a scopo decorativo.","robots":{"index":"index","follow":"follow","max-snippet":"max-snippet:-1","max-image-preview":"max-image-preview:large","max-video-preview":"max-video-preview:-1"},"canonical":"https:\/\/www.l-aroma.it\/come-si-usa-il-nobile-anice-stellato\/","og_locale":"en_US","og_type":"article","og_title":"Come si usa: il nobile anice stellato","og_description":"Una spezia nobile, a cominciare dall\u2019aspetto: una bella stella, ragion per cui \u00e8 spesso utilizzata anche solo a scopo decorativo.","og_url":"https:\/\/www.l-aroma.it\/come-si-usa-il-nobile-anice-stellato\/","og_site_name":"l&#039;Aroma - Erbe, Spezie, Miscele aromatiche e Ricette di cucina","article_publisher":"https:\/\/www.facebook.com\/laromaincucina\/","article_published_time":"2022-03-11T09:44:07+00:00","article_modified_time":"2022-03-11T09:45:03+00:00","og_image":[{"width":834,"height":438,"url":"https:\/\/www.l-aroma.it\/wp-content\/uploads\/2022\/03\/Anice-stellato-come-si-usa.jpeg","type":"image\/jpeg"}],"author":"Antonia Cosentino","twitter_card":"summary_large_image","twitter_misc":{"Written by":"Antonia Cosentino","Est. reading time":"3 minutes"},"schema":{"@context":"https:\/\/schema.org","@graph":[{"@type":"Article","@id":"https:\/\/www.l-aroma.it\/come-si-usa-il-nobile-anice-stellato\/#article","isPartOf":{"@id":"https:\/\/www.l-aroma.it\/come-si-usa-il-nobile-anice-stellato\/"},"author":{"name":"Antonia Cosentino","@id":"https:\/\/www.l-aroma.it\/#\/schema\/person\/a32c3f714df3b26cad0476e0a1800d92"},"headline":"Come si usa: il nobile anice stellato","datePublished":"2022-03-11T09:44:07+00:00","dateModified":"2022-03-11T09:45:03+00:00","mainEntityOfPage":{"@id":"https:\/\/www.l-aroma.it\/come-si-usa-il-nobile-anice-stellato\/"},"wordCount":300,"publisher":{"@id":"https:\/\/www.l-aroma.it\/#organization"},"image":{"@id":"https:\/\/www.l-aroma.it\/come-si-usa-il-nobile-anice-stellato\/#primaryimage"},"thumbnailUrl":"https:\/\/www.l-aroma.it\/wp-content\/uploads\/2022\/03\/Anice-stellato-come-si-usa.jpeg","keywords":["anice stellato","come si usa"],"articleSection":["Come si usa"],"inLanguage":"en-US"},{"@type":"WebPage","@id":"https:\/\/www.l-aroma.it\/come-si-usa-il-nobile-anice-stellato\/","url":"https:\/\/www.l-aroma.it\/come-si-usa-il-nobile-anice-stellato\/","name":"Come si usa: il nobile anice stellato","isPartOf":{"@id":"https:\/\/www.l-aroma.it\/#website"},"primaryImageOfPage":{"@id":"https:\/\/www.l-aroma.it\/come-si-usa-il-nobile-anice-stellato\/#primaryimage"},"image":{"@id":"https:\/\/www.l-aroma.it\/come-si-usa-il-nobile-anice-stellato\/#primaryimage"},"thumbnailUrl":"https:\/\/www.l-aroma.it\/wp-content\/uploads\/2022\/03\/Anice-stellato-come-si-usa.jpeg","datePublished":"2022-03-11T09:44:07+00:00","dateModified":"2022-03-11T09:45:03+00:00","description":"Una spezia nobile, a cominciare dall\u2019aspetto: una bella stella, ragion per cui \u00e8 spesso utilizzata anche solo a scopo decorativo.","breadcrumb":{"@id":"https:\/\/www.l-aroma.it\/come-si-usa-il-nobile-anice-stellato\/#breadcrumb"},"inLanguage":"en-US","potentialAction":[{"@type":"ReadAction","target":["https:\/\/www.l-aroma.it\/come-si-usa-il-nobile-anice-stellato\/"]}]},{"@type":"ImageObject","inLanguage":"en-US","@id":"https:\/\/www.l-aroma.it\/come-si-usa-il-nobile-anice-stellato\/#primaryimage","url":"https:\/\/www.l-aroma.it\/wp-content\/uploads\/2022\/03\/Anice-stellato-come-si-usa.jpeg","contentUrl":"https:\/\/www.l-aroma.it\/wp-content\/uploads\/2022\/03\/Anice-stellato-come-si-usa.jpeg","width":834,"height":438},{"@type":"BreadcrumbList","@id":"https:\/\/www.l-aroma.it\/come-si-usa-il-nobile-anice-stellato\/#breadcrumb","itemListElement":[{"@type":"ListItem","position":1,"name":"Home","item":"https:\/\/www.l-aroma.it\/en\/"},{"@type":"ListItem","position":2,"name":"Come si usa: il nobile anice stellato"}]},{"@type":"WebSite","@id":"https:\/\/www.l-aroma.it\/#website","url":"https:\/\/www.l-aroma.it\/","name":"l&#039;Aroma - Erbe, Spezie, Miscele aromatiche e Ricette di cucina","description":"Sapore e Gusto in cucina","publisher":{"@id":"https:\/\/www.l-aroma.it\/#organization"},"potentialAction":[{"@type":"SearchAction","target":{"@type":"EntryPoint","urlTemplate":"https:\/\/www.l-aroma.it\/?s={search_term_string}"},"query-input":{"@type":"PropertyValueSpecification","valueRequired":true,"valueName":"search_term_string"}}],"inLanguage":"en-US"},{"@type":"Organization","@id":"https:\/\/www.l-aroma.it\/#organization","name":"l'Aroma - Sapore e Gusto in cucina","url":"https:\/\/www.l-aroma.it\/","logo":{"@type":"ImageObject","inLanguage":"en-US","@id":"https:\/\/www.l-aroma.it\/#\/schema\/logo\/image\/","url":"https:\/\/www.l-aroma.it\/wp-content\/uploads\/2018\/04\/logo.png","contentUrl":"https:\/\/www.l-aroma.it\/wp-content\/uploads\/2018\/04\/logo.png","width":302,"height":124,"caption":"l'Aroma - Sapore e Gusto in cucina"},"image":{"@id":"https:\/\/www.l-aroma.it\/#\/schema\/logo\/image\/"},"sameAs":["https:\/\/www.facebook.com\/laromaincucina\/","https:\/\/www.instagram.com\/laromaincucina\/","https:\/\/www.linkedin.com\/company\/l'aroma\/"]},{"@type":"Person","@id":"https:\/\/www.l-aroma.it\/#\/schema\/person\/a32c3f714df3b26cad0476e0a1800d92","name":"Antonia Cosentino","image":{"@type":"ImageObject","inLanguage":"en-US","@id":"https:\/\/secure.gravatar.com\/avatar\/b34eaf96ff98486ad478b004838162ce3920716571ee10393c8dc35576158919?s=96&d=mm&r=g","url":"https:\/\/secure.gravatar.com\/avatar\/b34eaf96ff98486ad478b004838162ce3920716571ee10393c8dc35576158919?s=96&d=mm&r=g","contentUrl":"https:\/\/secure.gravatar.com\/avatar\/b34eaf96ff98486ad478b004838162ce3920716571ee10393c8dc35576158919?s=96&d=mm&r=g","caption":"Antonia Cosentino"},"sameAs":["http:\/\/www.add-design.it"]}]}},"_links":{"self":[{"href":"https:\/\/www.l-aroma.it\/en\/wp-json\/wp\/v2\/posts\/2921","targetHints":{"allow":["GET"]}}],"collection":[{"href":"https:\/\/www.l-aroma.it\/en\/wp-json\/wp\/v2\/posts"}],"about":[{"href":"https:\/\/www.l-aroma.it\/en\/wp-json\/wp\/v2\/types\/post"}],"author":[{"embeddable":true,"href":"https:\/\/www.l-aroma.it\/en\/wp-json\/wp\/v2\/users\/6"}],"replies":[{"embeddable":true,"href":"https:\/\/www.l-aroma.it\/en\/wp-json\/wp\/v2\/comments?post=2921"}],"version-history":[{"count":8,"href":"https:\/\/www.l-aroma.it\/en\/wp-json\/wp\/v2\/posts\/2921\/revisions"}],"predecessor-version":[{"id":2938,"href":"https:\/\/www.l-aroma.it\/en\/wp-json\/wp\/v2\/posts\/2921\/revisions\/2938"}],"wp:featuredmedia":[{"embeddable":true,"href":"https:\/\/www.l-aroma.it\/en\/wp-json\/wp\/v2\/media\/2936"}],"wp:attachment":[{"href":"https:\/\/www.l-aroma.it\/en\/wp-json\/wp\/v2\/media?parent=2921"}],"wp:term":[{"taxonomy":"category","embeddable":true,"href":"https:\/\/www.l-aroma.it\/en\/wp-json\/wp\/v2\/categories?post=2921"},{"taxonomy":"post_tag","embeddable":true,"href":"https:\/\/www.l-aroma.it\/en\/wp-json\/wp\/v2\/tags?post=2921"}],"curies":[{"name":"wp","href":"https:\/\/api.w.org\/{rel}","templated":true}]}}