{"id":2810,"date":"2021-11-18T18:07:14","date_gmt":"2021-11-18T17:07:14","guid":{"rendered":"https:\/\/www.l-aroma.it\/?p=2810"},"modified":"2021-11-18T18:14:12","modified_gmt":"2021-11-18T17:14:12","slug":"black-week","status":"publish","type":"post","link":"https:\/\/www.l-aroma.it\/en\/black-week\/","title":{"rendered":"Su L&#8217;Aroma Professional \u00e8 la Black Week"},"content":{"rendered":"<p>Una settimana speciale: <strong>dal 22 al 28 novembre<\/strong> nel nostro e-commerce dedicato ai professionisti del settore, <a href=\"https:\/\/professional.l-aroma.it\/?utm_source=BLOG+&amp;utm_medium=BLOG-POST&amp;utm_campaign=BLOG-POST-BLACK-FRIDAY\">L\u2019Aroma Professional<\/a>, tutti i nostri prodotti saranno scontati del 10%.<\/p>\n<p>Baster\u00e0 inserire il codice <strong>BLACK10<\/strong> una volta preparato il vostro carrello. Lo sconto, inoltre, sar\u00e0 cumulabile con il 5% di benvenuto gi\u00e0 pensato per chi acquista per la prima volta.<\/p>\n<p>Un\u2019occasione unica per chi non ci conosce ancora per provare i nostri prodotti e di tornare a sceglierli per chi li ha gi\u00e0 provati.<\/p>\n","protected":false},"excerpt":{"rendered":"<p>Una settimana speciale: dal 22 al 28 novembre nel nostro e-commerce dedicato ai professionisti del settore, L\u2019Aroma Professional, tutti i nostri prodotti saranno scontati del 10%. Baster\u00e0 inserire il codice BLACK10 una volta preparato il vostro carrello. Lo sconto, inoltre, sar\u00e0 cumulabile con il 5% di benvenuto gi\u00e0 pensato per chi acquista per la prima volta. Un\u2019occasione unica per chi [&hellip;]<\/p>\n","protected":false},"author":6,"featured_media":2820,"comment_status":"closed","ping_status":"closed","sticky":false,"template":"","format":"standard","meta":{"footnotes":""},"categories":[37],"tags":[],"class_list":["post-2810","post","type-post","status-publish","format-standard","has-post-thumbnail","hentry","category-lazienda"],"yoast_head":"<!-- This site is optimized with the Yoast SEO plugin v28.3 - https:\/\/yoast.com\/product\/yoast-seo-wordpress\/ -->\n<title>Su L&#039;Aroma Professional \u00e8 la Black Week<\/title>\n<meta name=\"description\" content=\"Tutti i nostri prodotti ad un prezzo speciale per tutta la settimana. Inserisci il codice BLACK10 nel tuo carrello!\" \/>\n<meta name=\"robots\" content=\"index, follow, max-snippet:-1, max-image-preview:large, max-video-preview:-1\" \/>\n<link rel=\"canonical\" href=\"https:\/\/www.l-aroma.it\/black-week\/\" \/>\n<meta property=\"og:locale\" content=\"en_US\" \/>\n<meta property=\"og:type\" content=\"article\" \/>\n<meta property=\"og:title\" content=\"Su L&#039;Aroma Professional \u00e8 la Black Week\" \/>\n<meta property=\"og:description\" content=\"Tutti i nostri prodotti ad un prezzo speciale per tutta la settimana. Inserisci il codice BLACK10 nel tuo carrello!\" \/>\n<meta property=\"og:url\" content=\"https:\/\/www.l-aroma.it\/black-week\/\" \/>\n<meta property=\"og:site_name\" content=\"l&#039;Aroma - Erbe, Spezie, Miscele aromatiche e Ricette di cucina\" \/>\n<meta property=\"article:publisher\" content=\"https:\/\/www.facebook.com\/laromaincucina\/\" \/>\n<meta property=\"article:published_time\" content=\"2021-11-18T17:07:14+00:00\" \/>\n<meta property=\"article:modified_time\" content=\"2021-11-18T17:14:12+00:00\" \/>\n<meta property=\"og:image\" content=\"https:\/\/www.l-aroma.it\/wp-content\/uploads\/2021\/11\/Black-week-LAroma-Professional-IG-Post-834-x-438-px.png\" \/>\n\t<meta property=\"og:image:width\" content=\"834\" \/>\n\t<meta property=\"og:image:height\" content=\"438\" \/>\n\t<meta property=\"og:image:type\" content=\"image\/png\" \/>\n<meta name=\"author\" content=\"Antonia Cosentino\" \/>\n<meta name=\"twitter:card\" content=\"summary_large_image\" \/>\n<meta name=\"twitter:label1\" content=\"Written by\" \/>\n\t<meta name=\"twitter:data1\" content=\"Antonia Cosentino\" \/>\n<script type=\"application\/ld+json\" class=\"yoast-schema-graph\">{\"@context\":\"https:\\\/\\\/schema.org\",\"@graph\":[{\"@type\":\"Article\",\"@id\":\"https:\\\/\\\/www.l-aroma.it\\\/black-week\\\/#article\",\"isPartOf\":{\"@id\":\"https:\\\/\\\/www.l-aroma.it\\\/black-week\\\/\"},\"author\":{\"name\":\"Antonia Cosentino\",\"@id\":\"https:\\\/\\\/www.l-aroma.it\\\/#\\\/schema\\\/person\\\/a32c3f714df3b26cad0476e0a1800d92\"},\"headline\":\"Su L&#8217;Aroma Professional \u00e8 la Black Week\",\"datePublished\":\"2021-11-18T17:07:14+00:00\",\"dateModified\":\"2021-11-18T17:14:12+00:00\",\"mainEntityOfPage\":{\"@id\":\"https:\\\/\\\/www.l-aroma.it\\\/black-week\\\/\"},\"wordCount\":85,\"publisher\":{\"@id\":\"https:\\\/\\\/www.l-aroma.it\\\/#organization\"},\"image\":{\"@id\":\"https:\\\/\\\/www.l-aroma.it\\\/black-week\\\/#primaryimage\"},\"thumbnailUrl\":\"https:\\\/\\\/www.l-aroma.it\\\/wp-content\\\/uploads\\\/2021\\\/11\\\/Black-week-LAroma-Professional-IG-Post-834-x-438-px.png\",\"articleSection\":[\"L'Azienda\"],\"inLanguage\":\"en-US\"},{\"@type\":\"WebPage\",\"@id\":\"https:\\\/\\\/www.l-aroma.it\\\/black-week\\\/\",\"url\":\"https:\\\/\\\/www.l-aroma.it\\\/black-week\\\/\",\"name\":\"Su L'Aroma Professional \u00e8 la Black Week\",\"isPartOf\":{\"@id\":\"https:\\\/\\\/www.l-aroma.it\\\/#website\"},\"primaryImageOfPage\":{\"@id\":\"https:\\\/\\\/www.l-aroma.it\\\/black-week\\\/#primaryimage\"},\"image\":{\"@id\":\"https:\\\/\\\/www.l-aroma.it\\\/black-week\\\/#primaryimage\"},\"thumbnailUrl\":\"https:\\\/\\\/www.l-aroma.it\\\/wp-content\\\/uploads\\\/2021\\\/11\\\/Black-week-LAroma-Professional-IG-Post-834-x-438-px.png\",\"datePublished\":\"2021-11-18T17:07:14+00:00\",\"dateModified\":\"2021-11-18T17:14:12+00:00\",\"description\":\"Tutti i nostri prodotti ad un prezzo speciale per tutta la settimana. Inserisci il codice BLACK10 nel tuo carrello!\",\"breadcrumb\":{\"@id\":\"https:\\\/\\\/www.l-aroma.it\\\/black-week\\\/#breadcrumb\"},\"inLanguage\":\"en-US\",\"potentialAction\":[{\"@type\":\"ReadAction\",\"target\":[\"https:\\\/\\\/www.l-aroma.it\\\/black-week\\\/\"]}]},{\"@type\":\"ImageObject\",\"inLanguage\":\"en-US\",\"@id\":\"https:\\\/\\\/www.l-aroma.it\\\/black-week\\\/#primaryimage\",\"url\":\"https:\\\/\\\/www.l-aroma.it\\\/wp-content\\\/uploads\\\/2021\\\/11\\\/Black-week-LAroma-Professional-IG-Post-834-x-438-px.png\",\"contentUrl\":\"https:\\\/\\\/www.l-aroma.it\\\/wp-content\\\/uploads\\\/2021\\\/11\\\/Black-week-LAroma-Professional-IG-Post-834-x-438-px.png\",\"width\":834,\"height\":438},{\"@type\":\"BreadcrumbList\",\"@id\":\"https:\\\/\\\/www.l-aroma.it\\\/black-week\\\/#breadcrumb\",\"itemListElement\":[{\"@type\":\"ListItem\",\"position\":1,\"name\":\"Home\",\"item\":\"https:\\\/\\\/www.l-aroma.it\\\/en\\\/\"},{\"@type\":\"ListItem\",\"position\":2,\"name\":\"Su L&#8217;Aroma Professional \u00e8 la Black Week\"}]},{\"@type\":\"WebSite\",\"@id\":\"https:\\\/\\\/www.l-aroma.it\\\/#website\",\"url\":\"https:\\\/\\\/www.l-aroma.it\\\/\",\"name\":\"l&#039;Aroma - Erbe, Spezie, Miscele aromatiche e Ricette di cucina\",\"description\":\"Sapore e Gusto in cucina\",\"publisher\":{\"@id\":\"https:\\\/\\\/www.l-aroma.it\\\/#organization\"},\"potentialAction\":[{\"@type\":\"SearchAction\",\"target\":{\"@type\":\"EntryPoint\",\"urlTemplate\":\"https:\\\/\\\/www.l-aroma.it\\\/?s={search_term_string}\"},\"query-input\":{\"@type\":\"PropertyValueSpecification\",\"valueRequired\":true,\"valueName\":\"search_term_string\"}}],\"inLanguage\":\"en-US\"},{\"@type\":\"Organization\",\"@id\":\"https:\\\/\\\/www.l-aroma.it\\\/#organization\",\"name\":\"l'Aroma - Sapore e Gusto in cucina\",\"url\":\"https:\\\/\\\/www.l-aroma.it\\\/\",\"logo\":{\"@type\":\"ImageObject\",\"inLanguage\":\"en-US\",\"@id\":\"https:\\\/\\\/www.l-aroma.it\\\/#\\\/schema\\\/logo\\\/image\\\/\",\"url\":\"https:\\\/\\\/www.l-aroma.it\\\/wp-content\\\/uploads\\\/2018\\\/04\\\/logo.png\",\"contentUrl\":\"https:\\\/\\\/www.l-aroma.it\\\/wp-content\\\/uploads\\\/2018\\\/04\\\/logo.png\",\"width\":302,\"height\":124,\"caption\":\"l'Aroma - Sapore e Gusto in cucina\"},\"image\":{\"@id\":\"https:\\\/\\\/www.l-aroma.it\\\/#\\\/schema\\\/logo\\\/image\\\/\"},\"sameAs\":[\"https:\\\/\\\/www.facebook.com\\\/laromaincucina\\\/\",\"https:\\\/\\\/www.instagram.com\\\/laromaincucina\\\/\",\"https:\\\/\\\/www.linkedin.com\\\/company\\\/l'aroma\\\/\"]},{\"@type\":\"Person\",\"@id\":\"https:\\\/\\\/www.l-aroma.it\\\/#\\\/schema\\\/person\\\/a32c3f714df3b26cad0476e0a1800d92\",\"name\":\"Antonia Cosentino\",\"image\":{\"@type\":\"ImageObject\",\"inLanguage\":\"en-US\",\"@id\":\"https:\\\/\\\/secure.gravatar.com\\\/avatar\\\/b34eaf96ff98486ad478b004838162ce3920716571ee10393c8dc35576158919?s=96&d=mm&r=g\",\"url\":\"https:\\\/\\\/secure.gravatar.com\\\/avatar\\\/b34eaf96ff98486ad478b004838162ce3920716571ee10393c8dc35576158919?s=96&d=mm&r=g\",\"contentUrl\":\"https:\\\/\\\/secure.gravatar.com\\\/avatar\\\/b34eaf96ff98486ad478b004838162ce3920716571ee10393c8dc35576158919?s=96&d=mm&r=g\",\"caption\":\"Antonia Cosentino\"},\"sameAs\":[\"http:\\\/\\\/www.add-design.it\"]}]}<\/script>\n<!-- \/ Yoast SEO plugin. -->","yoast_head_json":{"title":"Su L'Aroma Professional \u00e8 la Black Week","description":"Tutti i nostri prodotti ad un prezzo speciale per tutta la settimana. Inserisci il codice BLACK10 nel tuo carrello!","robots":{"index":"index","follow":"follow","max-snippet":"max-snippet:-1","max-image-preview":"max-image-preview:large","max-video-preview":"max-video-preview:-1"},"canonical":"https:\/\/www.l-aroma.it\/black-week\/","og_locale":"en_US","og_type":"article","og_title":"Su L'Aroma Professional \u00e8 la Black Week","og_description":"Tutti i nostri prodotti ad un prezzo speciale per tutta la settimana. Inserisci il codice BLACK10 nel tuo carrello!","og_url":"https:\/\/www.l-aroma.it\/black-week\/","og_site_name":"l&#039;Aroma - Erbe, Spezie, Miscele aromatiche e Ricette di cucina","article_publisher":"https:\/\/www.facebook.com\/laromaincucina\/","article_published_time":"2021-11-18T17:07:14+00:00","article_modified_time":"2021-11-18T17:14:12+00:00","og_image":[{"width":834,"height":438,"url":"https:\/\/www.l-aroma.it\/wp-content\/uploads\/2021\/11\/Black-week-LAroma-Professional-IG-Post-834-x-438-px.png","type":"image\/png"}],"author":"Antonia Cosentino","twitter_card":"summary_large_image","twitter_misc":{"Written by":"Antonia Cosentino"},"schema":{"@context":"https:\/\/schema.org","@graph":[{"@type":"Article","@id":"https:\/\/www.l-aroma.it\/black-week\/#article","isPartOf":{"@id":"https:\/\/www.l-aroma.it\/black-week\/"},"author":{"name":"Antonia Cosentino","@id":"https:\/\/www.l-aroma.it\/#\/schema\/person\/a32c3f714df3b26cad0476e0a1800d92"},"headline":"Su L&#8217;Aroma Professional \u00e8 la Black Week","datePublished":"2021-11-18T17:07:14+00:00","dateModified":"2021-11-18T17:14:12+00:00","mainEntityOfPage":{"@id":"https:\/\/www.l-aroma.it\/black-week\/"},"wordCount":85,"publisher":{"@id":"https:\/\/www.l-aroma.it\/#organization"},"image":{"@id":"https:\/\/www.l-aroma.it\/black-week\/#primaryimage"},"thumbnailUrl":"https:\/\/www.l-aroma.it\/wp-content\/uploads\/2021\/11\/Black-week-LAroma-Professional-IG-Post-834-x-438-px.png","articleSection":["L'Azienda"],"inLanguage":"en-US"},{"@type":"WebPage","@id":"https:\/\/www.l-aroma.it\/black-week\/","url":"https:\/\/www.l-aroma.it\/black-week\/","name":"Su L'Aroma Professional \u00e8 la Black Week","isPartOf":{"@id":"https:\/\/www.l-aroma.it\/#website"},"primaryImageOfPage":{"@id":"https:\/\/www.l-aroma.it\/black-week\/#primaryimage"},"image":{"@id":"https:\/\/www.l-aroma.it\/black-week\/#primaryimage"},"thumbnailUrl":"https:\/\/www.l-aroma.it\/wp-content\/uploads\/2021\/11\/Black-week-LAroma-Professional-IG-Post-834-x-438-px.png","datePublished":"2021-11-18T17:07:14+00:00","dateModified":"2021-11-18T17:14:12+00:00","description":"Tutti i nostri prodotti ad un prezzo speciale per tutta la settimana. Inserisci il codice BLACK10 nel tuo carrello!","breadcrumb":{"@id":"https:\/\/www.l-aroma.it\/black-week\/#breadcrumb"},"inLanguage":"en-US","potentialAction":[{"@type":"ReadAction","target":["https:\/\/www.l-aroma.it\/black-week\/"]}]},{"@type":"ImageObject","inLanguage":"en-US","@id":"https:\/\/www.l-aroma.it\/black-week\/#primaryimage","url":"https:\/\/www.l-aroma.it\/wp-content\/uploads\/2021\/11\/Black-week-LAroma-Professional-IG-Post-834-x-438-px.png","contentUrl":"https:\/\/www.l-aroma.it\/wp-content\/uploads\/2021\/11\/Black-week-LAroma-Professional-IG-Post-834-x-438-px.png","width":834,"height":438},{"@type":"BreadcrumbList","@id":"https:\/\/www.l-aroma.it\/black-week\/#breadcrumb","itemListElement":[{"@type":"ListItem","position":1,"name":"Home","item":"https:\/\/www.l-aroma.it\/en\/"},{"@type":"ListItem","position":2,"name":"Su L&#8217;Aroma Professional \u00e8 la Black Week"}]},{"@type":"WebSite","@id":"https:\/\/www.l-aroma.it\/#website","url":"https:\/\/www.l-aroma.it\/","name":"l&#039;Aroma - Erbe, Spezie, Miscele aromatiche e Ricette di cucina","description":"Sapore e Gusto in cucina","publisher":{"@id":"https:\/\/www.l-aroma.it\/#organization"},"potentialAction":[{"@type":"SearchAction","target":{"@type":"EntryPoint","urlTemplate":"https:\/\/www.l-aroma.it\/?s={search_term_string}"},"query-input":{"@type":"PropertyValueSpecification","valueRequired":true,"valueName":"search_term_string"}}],"inLanguage":"en-US"},{"@type":"Organization","@id":"https:\/\/www.l-aroma.it\/#organization","name":"l'Aroma - Sapore e Gusto in cucina","url":"https:\/\/www.l-aroma.it\/","logo":{"@type":"ImageObject","inLanguage":"en-US","@id":"https:\/\/www.l-aroma.it\/#\/schema\/logo\/image\/","url":"https:\/\/www.l-aroma.it\/wp-content\/uploads\/2018\/04\/logo.png","contentUrl":"https:\/\/www.l-aroma.it\/wp-content\/uploads\/2018\/04\/logo.png","width":302,"height":124,"caption":"l'Aroma - Sapore e Gusto in cucina"},"image":{"@id":"https:\/\/www.l-aroma.it\/#\/schema\/logo\/image\/"},"sameAs":["https:\/\/www.facebook.com\/laromaincucina\/","https:\/\/www.instagram.com\/laromaincucina\/","https:\/\/www.linkedin.com\/company\/l'aroma\/"]},{"@type":"Person","@id":"https:\/\/www.l-aroma.it\/#\/schema\/person\/a32c3f714df3b26cad0476e0a1800d92","name":"Antonia Cosentino","image":{"@type":"ImageObject","inLanguage":"en-US","@id":"https:\/\/secure.gravatar.com\/avatar\/b34eaf96ff98486ad478b004838162ce3920716571ee10393c8dc35576158919?s=96&d=mm&r=g","url":"https:\/\/secure.gravatar.com\/avatar\/b34eaf96ff98486ad478b004838162ce3920716571ee10393c8dc35576158919?s=96&d=mm&r=g","contentUrl":"https:\/\/secure.gravatar.com\/avatar\/b34eaf96ff98486ad478b004838162ce3920716571ee10393c8dc35576158919?s=96&d=mm&r=g","caption":"Antonia Cosentino"},"sameAs":["http:\/\/www.add-design.it"]}]}},"_links":{"self":[{"href":"https:\/\/www.l-aroma.it\/en\/wp-json\/wp\/v2\/posts\/2810","targetHints":{"allow":["GET"]}}],"collection":[{"href":"https:\/\/www.l-aroma.it\/en\/wp-json\/wp\/v2\/posts"}],"about":[{"href":"https:\/\/www.l-aroma.it\/en\/wp-json\/wp\/v2\/types\/post"}],"author":[{"embeddable":true,"href":"https:\/\/www.l-aroma.it\/en\/wp-json\/wp\/v2\/users\/6"}],"replies":[{"embeddable":true,"href":"https:\/\/www.l-aroma.it\/en\/wp-json\/wp\/v2\/comments?post=2810"}],"version-history":[{"count":4,"href":"https:\/\/www.l-aroma.it\/en\/wp-json\/wp\/v2\/posts\/2810\/revisions"}],"predecessor-version":[{"id":2819,"href":"https:\/\/www.l-aroma.it\/en\/wp-json\/wp\/v2\/posts\/2810\/revisions\/2819"}],"wp:featuredmedia":[{"embeddable":true,"href":"https:\/\/www.l-aroma.it\/en\/wp-json\/wp\/v2\/media\/2820"}],"wp:attachment":[{"href":"https:\/\/www.l-aroma.it\/en\/wp-json\/wp\/v2\/media?parent=2810"}],"wp:term":[{"taxonomy":"category","embeddable":true,"href":"https:\/\/www.l-aroma.it\/en\/wp-json\/wp\/v2\/categories?post=2810"},{"taxonomy":"post_tag","embeddable":true,"href":"https:\/\/www.l-aroma.it\/en\/wp-json\/wp\/v2\/tags?post=2810"}],"curies":[{"name":"wp","href":"https:\/\/api.w.org\/{rel}","templated":true}]}}