{"id":2278,"date":"2019-10-22T12:32:19","date_gmt":"2019-10-22T10:32:19","guid":{"rendered":"https:\/\/www.l-aroma.it\/?p=2278"},"modified":"2019-10-22T14:13:23","modified_gmt":"2019-10-22T12:13:23","slug":"come-si-usano-semi-di-chia","status":"publish","type":"post","link":"https:\/\/www.l-aroma.it\/en\/come-si-usano-semi-di-chia\/","title":{"rendered":"Come si usano: i semi di chia, ingrediente sfizioso"},"content":{"rendered":"<p>I <strong>semi di chia<\/strong> hanno un\u2019origine antichissima: risalgono all\u2019epoca Azteca e solo <strong>negli ultimi anni<\/strong> la coltivazione della pianta &#8211; la<em>\u00a0Salvia Hispanica<\/em>\u00a0&#8211; \u00e8 giunta <strong>in Europa<\/strong>. Sono diventati popolari grazie alle <strong>tantissime propriet\u00e0<\/strong> e altrettanti benefici.<\/p>\n<p>\u00c8 possibile utilizzarli per le <strong>preparazioni crude e cotte e le ricette dolci e salate<\/strong>, perch\u00e9 hanno un sapore neutro che non copre quello degli altri ingredienti.<\/p>\n<p>Una ricetta molto conosciuta per una colazione energetica \u00e8 il <strong>chia pudding<\/strong>, come quello preparato da <a href=\"https:\/\/www.instagram.com\/thedeliciousplate\/\" target=\"_blank\" rel=\"noopener\">@thedeliciousplate<\/a>. Un mix di latte vegetale (cocco, riso, mandorla a piacere), semi di chia e miele da accompagnare a frutta e marmellate.<br \/>\nDa provare in combinazione con la confettura di mirtilli, i frutti freschi e una manciata di scaglie di mandorle tostate.<\/p>\n<div id=\"attachment_2280\" style=\"width: 610px\" class=\"wp-caption aligncenter\"><a href=\"https:\/\/www.instagram.com\/thedeliciousplate\/\"><img loading=\"lazy\" decoding=\"async\" aria-describedby=\"caption-attachment-2280\" class=\"wp-image-2280 size-medium\" src=\"https:\/\/www.l-aroma.it\/wp-content\/uploads\/2019\/10\/come-si-usa-semi-di-chia-1--600x600.jpg\" alt=\"come si usa semi di chia\" width=\"600\" height=\"600\" srcset=\"https:\/\/www.l-aroma.it\/wp-content\/uploads\/2019\/10\/come-si-usa-semi-di-chia-1--600x600.jpg 600w, https:\/\/www.l-aroma.it\/wp-content\/uploads\/2019\/10\/come-si-usa-semi-di-chia-1--300x300.jpg 300w, https:\/\/www.l-aroma.it\/wp-content\/uploads\/2019\/10\/come-si-usa-semi-di-chia-1-.jpg 640w\" sizes=\"auto, (max-width: 600px) 100vw, 600px\" \/><\/a><p id=\"caption-attachment-2280\" class=\"wp-caption-text\">@thedeliciousplate<\/p><\/div>\n<p>I semi di chia contengono <strong>una grande quantit\u00e0 di acqua<\/strong>, circa 9 parti su 10, e quando vengono a contatto con un liquido <strong>si gonfiano<\/strong> e assumono una\u00a0consistenza gelatinosa: una caratteristica che li rende <strong>preziosi per le tante preparazioni<\/strong> che necessitano di un <strong>addensante<\/strong>, come le zuppe, le vellutate o le creme dolci, e costituiscono, ad esempio, <strong>una\u00a0valida e naturale alternativa alle uova<\/strong>\u00a0e agli ingredienti di origine animale utilizzati per torte e frullati. Un esempio? Il banana bread di <a href=\"https:\/\/www.instagram.com\/p\/B2aKr71Hga2\/\" target=\"_blank\" rel=\"noopener\">@wellandgoodeats<\/a>.<\/p>\n<div id=\"attachment_2279\" style=\"width: 490px\" class=\"wp-caption aligncenter\"><a href=\"https:\/\/www.instagram.com\/p\/B2aKr71Hga2\/\"><img loading=\"lazy\" decoding=\"async\" aria-describedby=\"caption-attachment-2279\" class=\"wp-image-2279 size-medium\" src=\"https:\/\/www.l-aroma.it\/wp-content\/uploads\/2019\/10\/come-si-usa-semi-di-chia-2-480x600.jpg\" alt=\"come si usa semi di chia\" width=\"480\" height=\"600\" srcset=\"https:\/\/www.l-aroma.it\/wp-content\/uploads\/2019\/10\/come-si-usa-semi-di-chia-2-480x600.jpg 480w, https:\/\/www.l-aroma.it\/wp-content\/uploads\/2019\/10\/come-si-usa-semi-di-chia-2-768x959.jpg 768w, https:\/\/www.l-aroma.it\/wp-content\/uploads\/2019\/10\/come-si-usa-semi-di-chia-2-820x1024.jpg 820w, https:\/\/www.l-aroma.it\/wp-content\/uploads\/2019\/10\/come-si-usa-semi-di-chia-2.jpg 1080w\" sizes=\"auto, (max-width: 480px) 100vw, 480px\" \/><\/a><p id=\"caption-attachment-2279\" class=\"wp-caption-text\">@wellandgoodeats<\/p><\/div>\n<p>l loro alto potere addensante li rende perfetti anche per preparare delle <strong>marmellate senza cottura<\/strong> da consumare al momento. Basta frullare 250 grammi di frutta, aggiungere poi 1 cucchiaio di semi di chia (tritati o interi) e, dopo aver mescolato, far rapprendere per un paio di ore in frigorifero.<\/p>\n<p>Sono anche ideali per aggiungere <strong>una nota croccante<\/strong> a insalate, panini e pasta fredda, ma anche macedonie, muesli o per preparare snack come delle\u00a0gallette salate.<\/p>\n<p>Un\u2019idea carina \u00e8 di utilizzarli per <strong>spolverizzare crostini<\/strong> con crema di olive o di ortaggi da servire come antipasto o aperitivo.<\/p>\n<p>I semi di chia si prestano bene poi per <strong>la preparazione di ogni tipo di impasto<\/strong>. Si possono utilizzare anche per il pane in abbinamento agli altri semi ad esempio ai semi di papavero, sesamo e girasole.<\/p>\n<p>E voi, li usate gi\u00e0? Come?<\/p>\n","protected":false},"excerpt":{"rendered":"<p>I semi di chia hanno un\u2019origine antichissima: risalgono all\u2019epoca Azteca e solo negli ultimi anni la coltivazione della pianta &#8211; la\u00a0Salvia Hispanica\u00a0&#8211; \u00e8 giunta in Europa. Sono diventati popolari grazie alle tantissime propriet\u00e0 e altrettanti benefici. \u00c8 possibile utilizzarli per le preparazioni crude e cotte e le ricette dolci e salate, perch\u00e9 hanno un sapore neutro che non copre quello [&hellip;]<\/p>\n","protected":false},"author":5,"featured_media":2282,"comment_status":"closed","ping_status":"closed","sticky":false,"template":"","format":"standard","meta":{"footnotes":""},"categories":[20],"tags":[22,92],"class_list":["post-2278","post","type-post","status-publish","format-standard","has-post-thumbnail","hentry","category-come-si-usa","tag-come-si-usa","tag-semi-di-chia"],"yoast_head":"<!-- This site is optimized with the Yoast SEO plugin v28.3 - https:\/\/yoast.com\/product\/yoast-seo-wordpress\/ -->\n<title>Come si usano: i semi di chia, ingrediente sfizioso e versatile<\/title>\n<meta name=\"description\" content=\"Sfiziosi e versatili per preparazioni crude e cotte e le ricette dolci e salate, grazie al sapore neutro: ecco i semi di chia.\" \/>\n<meta name=\"robots\" content=\"index, follow, max-snippet:-1, max-image-preview:large, max-video-preview:-1\" \/>\n<link rel=\"canonical\" href=\"https:\/\/www.l-aroma.it\/come-si-usano-semi-di-chia\/\" \/>\n<meta property=\"og:locale\" content=\"en_US\" \/>\n<meta property=\"og:type\" content=\"article\" \/>\n<meta property=\"og:title\" content=\"Come si usano: i semi di chia, ingrediente sfizioso e versatile\" \/>\n<meta property=\"og:description\" content=\"Sfiziosi e versatili per preparazioni crude e cotte e le ricette dolci e salate, grazie al sapore neutro: ecco i semi di chia.\" \/>\n<meta property=\"og:url\" content=\"https:\/\/www.l-aroma.it\/come-si-usano-semi-di-chia\/\" \/>\n<meta property=\"og:site_name\" content=\"l&#039;Aroma - Erbe, Spezie, Miscele aromatiche e Ricette di cucina\" \/>\n<meta property=\"article:publisher\" content=\"https:\/\/www.facebook.com\/laromaincucina\/\" \/>\n<meta property=\"article:published_time\" content=\"2019-10-22T10:32:19+00:00\" \/>\n<meta property=\"article:modified_time\" content=\"2019-10-22T12:13:23+00:00\" \/>\n<meta property=\"og:image\" content=\"https:\/\/www.l-aroma.it\/wp-content\/uploads\/2019\/10\/Semi-di-chia.jpg\" \/>\n\t<meta property=\"og:image:width\" content=\"834\" \/>\n\t<meta property=\"og:image:height\" content=\"438\" \/>\n\t<meta property=\"og:image:type\" content=\"image\/jpeg\" \/>\n<meta name=\"author\" content=\"Daniela Moscato\" \/>\n<meta name=\"twitter:card\" content=\"summary_large_image\" \/>\n<meta name=\"twitter:title\" content=\"Come si usano: i semi di chia, ingrediente sfizioso e versatile\" \/>\n<meta name=\"twitter:description\" content=\"Sfiziosi e versatili per preparazioni crude e cotte e le ricette dolci e salate, grazie al sapore neutro: ecco i semi di chia.\" \/>\n<meta name=\"twitter:image\" content=\"https:\/\/www.l-aroma.it\/wp-content\/uploads\/2019\/10\/Semi-di-chia.jpg\" \/>\n<meta name=\"twitter:label1\" content=\"Written by\" \/>\n\t<meta name=\"twitter:data1\" content=\"Daniela Moscato\" \/>\n\t<meta name=\"twitter:label2\" content=\"Est. reading time\" \/>\n\t<meta name=\"twitter:data2\" content=\"2 minutes\" \/>\n<script type=\"application\/ld+json\" class=\"yoast-schema-graph\">{\"@context\":\"https:\\\/\\\/schema.org\",\"@graph\":[{\"@type\":\"Article\",\"@id\":\"https:\\\/\\\/www.l-aroma.it\\\/come-si-usano-semi-di-chia\\\/#article\",\"isPartOf\":{\"@id\":\"https:\\\/\\\/www.l-aroma.it\\\/come-si-usano-semi-di-chia\\\/\"},\"author\":{\"name\":\"Daniela Moscato\",\"@id\":\"https:\\\/\\\/www.l-aroma.it\\\/#\\\/schema\\\/person\\\/77caa3a6c1ba0eb12f26d1fca8270e8d\"},\"headline\":\"Come si usano: i semi di chia, ingrediente sfizioso\",\"datePublished\":\"2019-10-22T10:32:19+00:00\",\"dateModified\":\"2019-10-22T12:13:23+00:00\",\"mainEntityOfPage\":{\"@id\":\"https:\\\/\\\/www.l-aroma.it\\\/come-si-usano-semi-di-chia\\\/\"},\"wordCount\":365,\"publisher\":{\"@id\":\"https:\\\/\\\/www.l-aroma.it\\\/#organization\"},\"image\":{\"@id\":\"https:\\\/\\\/www.l-aroma.it\\\/come-si-usano-semi-di-chia\\\/#primaryimage\"},\"thumbnailUrl\":\"https:\\\/\\\/www.l-aroma.it\\\/wp-content\\\/uploads\\\/2019\\\/10\\\/Semi-di-chia.jpg\",\"keywords\":[\"come si usa\",\"semi di chia\"],\"articleSection\":[\"Come si usa\"],\"inLanguage\":\"en-US\"},{\"@type\":\"WebPage\",\"@id\":\"https:\\\/\\\/www.l-aroma.it\\\/come-si-usano-semi-di-chia\\\/\",\"url\":\"https:\\\/\\\/www.l-aroma.it\\\/come-si-usano-semi-di-chia\\\/\",\"name\":\"Come si usano: i semi di chia, ingrediente sfizioso e versatile\",\"isPartOf\":{\"@id\":\"https:\\\/\\\/www.l-aroma.it\\\/#website\"},\"primaryImageOfPage\":{\"@id\":\"https:\\\/\\\/www.l-aroma.it\\\/come-si-usano-semi-di-chia\\\/#primaryimage\"},\"image\":{\"@id\":\"https:\\\/\\\/www.l-aroma.it\\\/come-si-usano-semi-di-chia\\\/#primaryimage\"},\"thumbnailUrl\":\"https:\\\/\\\/www.l-aroma.it\\\/wp-content\\\/uploads\\\/2019\\\/10\\\/Semi-di-chia.jpg\",\"datePublished\":\"2019-10-22T10:32:19+00:00\",\"dateModified\":\"2019-10-22T12:13:23+00:00\",\"description\":\"Sfiziosi e versatili per preparazioni crude e cotte e le ricette dolci e salate, grazie al sapore neutro: ecco i semi di chia.\",\"breadcrumb\":{\"@id\":\"https:\\\/\\\/www.l-aroma.it\\\/come-si-usano-semi-di-chia\\\/#breadcrumb\"},\"inLanguage\":\"en-US\",\"potentialAction\":[{\"@type\":\"ReadAction\",\"target\":[\"https:\\\/\\\/www.l-aroma.it\\\/come-si-usano-semi-di-chia\\\/\"]}]},{\"@type\":\"ImageObject\",\"inLanguage\":\"en-US\",\"@id\":\"https:\\\/\\\/www.l-aroma.it\\\/come-si-usano-semi-di-chia\\\/#primaryimage\",\"url\":\"https:\\\/\\\/www.l-aroma.it\\\/wp-content\\\/uploads\\\/2019\\\/10\\\/Semi-di-chia.jpg\",\"contentUrl\":\"https:\\\/\\\/www.l-aroma.it\\\/wp-content\\\/uploads\\\/2019\\\/10\\\/Semi-di-chia.jpg\",\"width\":834,\"height\":438},{\"@type\":\"BreadcrumbList\",\"@id\":\"https:\\\/\\\/www.l-aroma.it\\\/come-si-usano-semi-di-chia\\\/#breadcrumb\",\"itemListElement\":[{\"@type\":\"ListItem\",\"position\":1,\"name\":\"Home\",\"item\":\"https:\\\/\\\/www.l-aroma.it\\\/en\\\/\"},{\"@type\":\"ListItem\",\"position\":2,\"name\":\"Come si usano: i semi di chia, ingrediente sfizioso\"}]},{\"@type\":\"WebSite\",\"@id\":\"https:\\\/\\\/www.l-aroma.it\\\/#website\",\"url\":\"https:\\\/\\\/www.l-aroma.it\\\/\",\"name\":\"l&#039;Aroma - Erbe, Spezie, Miscele aromatiche e Ricette di cucina\",\"description\":\"Sapore e Gusto in cucina\",\"publisher\":{\"@id\":\"https:\\\/\\\/www.l-aroma.it\\\/#organization\"},\"potentialAction\":[{\"@type\":\"SearchAction\",\"target\":{\"@type\":\"EntryPoint\",\"urlTemplate\":\"https:\\\/\\\/www.l-aroma.it\\\/?s={search_term_string}\"},\"query-input\":{\"@type\":\"PropertyValueSpecification\",\"valueRequired\":true,\"valueName\":\"search_term_string\"}}],\"inLanguage\":\"en-US\"},{\"@type\":\"Organization\",\"@id\":\"https:\\\/\\\/www.l-aroma.it\\\/#organization\",\"name\":\"l'Aroma - Sapore e Gusto in cucina\",\"url\":\"https:\\\/\\\/www.l-aroma.it\\\/\",\"logo\":{\"@type\":\"ImageObject\",\"inLanguage\":\"en-US\",\"@id\":\"https:\\\/\\\/www.l-aroma.it\\\/#\\\/schema\\\/logo\\\/image\\\/\",\"url\":\"https:\\\/\\\/www.l-aroma.it\\\/wp-content\\\/uploads\\\/2018\\\/04\\\/logo.png\",\"contentUrl\":\"https:\\\/\\\/www.l-aroma.it\\\/wp-content\\\/uploads\\\/2018\\\/04\\\/logo.png\",\"width\":302,\"height\":124,\"caption\":\"l'Aroma - Sapore e Gusto in cucina\"},\"image\":{\"@id\":\"https:\\\/\\\/www.l-aroma.it\\\/#\\\/schema\\\/logo\\\/image\\\/\"},\"sameAs\":[\"https:\\\/\\\/www.facebook.com\\\/laromaincucina\\\/\",\"https:\\\/\\\/www.instagram.com\\\/laromaincucina\\\/\",\"https:\\\/\\\/www.linkedin.com\\\/company\\\/l'aroma\\\/\"]},{\"@type\":\"Person\",\"@id\":\"https:\\\/\\\/www.l-aroma.it\\\/#\\\/schema\\\/person\\\/77caa3a6c1ba0eb12f26d1fca8270e8d\",\"name\":\"Daniela Moscato\",\"image\":{\"@type\":\"ImageObject\",\"inLanguage\":\"en-US\",\"@id\":\"https:\\\/\\\/secure.gravatar.com\\\/avatar\\\/c5b5de1760610e3250d022ba38fd7c3d0ed0f588bb96d5ccd02a0efb2ca23822?s=96&d=mm&r=g\",\"url\":\"https:\\\/\\\/secure.gravatar.com\\\/avatar\\\/c5b5de1760610e3250d022ba38fd7c3d0ed0f588bb96d5ccd02a0efb2ca23822?s=96&d=mm&r=g\",\"contentUrl\":\"https:\\\/\\\/secure.gravatar.com\\\/avatar\\\/c5b5de1760610e3250d022ba38fd7c3d0ed0f588bb96d5ccd02a0efb2ca23822?s=96&d=mm&r=g\",\"caption\":\"Daniela Moscato\"},\"sameAs\":[\"http:\\\/\\\/www.add-design.it\"]}]}<\/script>\n<!-- \/ Yoast SEO plugin. -->","yoast_head_json":{"title":"Come si usano: i semi di chia, ingrediente sfizioso e versatile","description":"Sfiziosi e versatili per preparazioni crude e cotte e le ricette dolci e salate, grazie al sapore neutro: ecco i semi di chia.","robots":{"index":"index","follow":"follow","max-snippet":"max-snippet:-1","max-image-preview":"max-image-preview:large","max-video-preview":"max-video-preview:-1"},"canonical":"https:\/\/www.l-aroma.it\/come-si-usano-semi-di-chia\/","og_locale":"en_US","og_type":"article","og_title":"Come si usano: i semi di chia, ingrediente sfizioso e versatile","og_description":"Sfiziosi e versatili per preparazioni crude e cotte e le ricette dolci e salate, grazie al sapore neutro: ecco i semi di chia.","og_url":"https:\/\/www.l-aroma.it\/come-si-usano-semi-di-chia\/","og_site_name":"l&#039;Aroma - Erbe, Spezie, Miscele aromatiche e Ricette di cucina","article_publisher":"https:\/\/www.facebook.com\/laromaincucina\/","article_published_time":"2019-10-22T10:32:19+00:00","article_modified_time":"2019-10-22T12:13:23+00:00","og_image":[{"width":834,"height":438,"url":"https:\/\/www.l-aroma.it\/wp-content\/uploads\/2019\/10\/Semi-di-chia.jpg","type":"image\/jpeg"}],"author":"Daniela Moscato","twitter_card":"summary_large_image","twitter_title":"Come si usano: i semi di chia, ingrediente sfizioso e versatile","twitter_description":"Sfiziosi e versatili per preparazioni crude e cotte e le ricette dolci e salate, grazie al sapore neutro: ecco i semi di chia.","twitter_image":"https:\/\/www.l-aroma.it\/wp-content\/uploads\/2019\/10\/Semi-di-chia.jpg","twitter_misc":{"Written by":"Daniela Moscato","Est. reading time":"2 minutes"},"schema":{"@context":"https:\/\/schema.org","@graph":[{"@type":"Article","@id":"https:\/\/www.l-aroma.it\/come-si-usano-semi-di-chia\/#article","isPartOf":{"@id":"https:\/\/www.l-aroma.it\/come-si-usano-semi-di-chia\/"},"author":{"name":"Daniela Moscato","@id":"https:\/\/www.l-aroma.it\/#\/schema\/person\/77caa3a6c1ba0eb12f26d1fca8270e8d"},"headline":"Come si usano: i semi di chia, ingrediente sfizioso","datePublished":"2019-10-22T10:32:19+00:00","dateModified":"2019-10-22T12:13:23+00:00","mainEntityOfPage":{"@id":"https:\/\/www.l-aroma.it\/come-si-usano-semi-di-chia\/"},"wordCount":365,"publisher":{"@id":"https:\/\/www.l-aroma.it\/#organization"},"image":{"@id":"https:\/\/www.l-aroma.it\/come-si-usano-semi-di-chia\/#primaryimage"},"thumbnailUrl":"https:\/\/www.l-aroma.it\/wp-content\/uploads\/2019\/10\/Semi-di-chia.jpg","keywords":["come si usa","semi di chia"],"articleSection":["Come si usa"],"inLanguage":"en-US"},{"@type":"WebPage","@id":"https:\/\/www.l-aroma.it\/come-si-usano-semi-di-chia\/","url":"https:\/\/www.l-aroma.it\/come-si-usano-semi-di-chia\/","name":"Come si usano: i semi di chia, ingrediente sfizioso e versatile","isPartOf":{"@id":"https:\/\/www.l-aroma.it\/#website"},"primaryImageOfPage":{"@id":"https:\/\/www.l-aroma.it\/come-si-usano-semi-di-chia\/#primaryimage"},"image":{"@id":"https:\/\/www.l-aroma.it\/come-si-usano-semi-di-chia\/#primaryimage"},"thumbnailUrl":"https:\/\/www.l-aroma.it\/wp-content\/uploads\/2019\/10\/Semi-di-chia.jpg","datePublished":"2019-10-22T10:32:19+00:00","dateModified":"2019-10-22T12:13:23+00:00","description":"Sfiziosi e versatili per preparazioni crude e cotte e le ricette dolci e salate, grazie al sapore neutro: ecco i semi di chia.","breadcrumb":{"@id":"https:\/\/www.l-aroma.it\/come-si-usano-semi-di-chia\/#breadcrumb"},"inLanguage":"en-US","potentialAction":[{"@type":"ReadAction","target":["https:\/\/www.l-aroma.it\/come-si-usano-semi-di-chia\/"]}]},{"@type":"ImageObject","inLanguage":"en-US","@id":"https:\/\/www.l-aroma.it\/come-si-usano-semi-di-chia\/#primaryimage","url":"https:\/\/www.l-aroma.it\/wp-content\/uploads\/2019\/10\/Semi-di-chia.jpg","contentUrl":"https:\/\/www.l-aroma.it\/wp-content\/uploads\/2019\/10\/Semi-di-chia.jpg","width":834,"height":438},{"@type":"BreadcrumbList","@id":"https:\/\/www.l-aroma.it\/come-si-usano-semi-di-chia\/#breadcrumb","itemListElement":[{"@type":"ListItem","position":1,"name":"Home","item":"https:\/\/www.l-aroma.it\/en\/"},{"@type":"ListItem","position":2,"name":"Come si usano: i semi di chia, ingrediente sfizioso"}]},{"@type":"WebSite","@id":"https:\/\/www.l-aroma.it\/#website","url":"https:\/\/www.l-aroma.it\/","name":"l&#039;Aroma - Erbe, Spezie, Miscele aromatiche e Ricette di cucina","description":"Sapore e Gusto in cucina","publisher":{"@id":"https:\/\/www.l-aroma.it\/#organization"},"potentialAction":[{"@type":"SearchAction","target":{"@type":"EntryPoint","urlTemplate":"https:\/\/www.l-aroma.it\/?s={search_term_string}"},"query-input":{"@type":"PropertyValueSpecification","valueRequired":true,"valueName":"search_term_string"}}],"inLanguage":"en-US"},{"@type":"Organization","@id":"https:\/\/www.l-aroma.it\/#organization","name":"l'Aroma - Sapore e Gusto in cucina","url":"https:\/\/www.l-aroma.it\/","logo":{"@type":"ImageObject","inLanguage":"en-US","@id":"https:\/\/www.l-aroma.it\/#\/schema\/logo\/image\/","url":"https:\/\/www.l-aroma.it\/wp-content\/uploads\/2018\/04\/logo.png","contentUrl":"https:\/\/www.l-aroma.it\/wp-content\/uploads\/2018\/04\/logo.png","width":302,"height":124,"caption":"l'Aroma - Sapore e Gusto in cucina"},"image":{"@id":"https:\/\/www.l-aroma.it\/#\/schema\/logo\/image\/"},"sameAs":["https:\/\/www.facebook.com\/laromaincucina\/","https:\/\/www.instagram.com\/laromaincucina\/","https:\/\/www.linkedin.com\/company\/l'aroma\/"]},{"@type":"Person","@id":"https:\/\/www.l-aroma.it\/#\/schema\/person\/77caa3a6c1ba0eb12f26d1fca8270e8d","name":"Daniela Moscato","image":{"@type":"ImageObject","inLanguage":"en-US","@id":"https:\/\/secure.gravatar.com\/avatar\/c5b5de1760610e3250d022ba38fd7c3d0ed0f588bb96d5ccd02a0efb2ca23822?s=96&d=mm&r=g","url":"https:\/\/secure.gravatar.com\/avatar\/c5b5de1760610e3250d022ba38fd7c3d0ed0f588bb96d5ccd02a0efb2ca23822?s=96&d=mm&r=g","contentUrl":"https:\/\/secure.gravatar.com\/avatar\/c5b5de1760610e3250d022ba38fd7c3d0ed0f588bb96d5ccd02a0efb2ca23822?s=96&d=mm&r=g","caption":"Daniela Moscato"},"sameAs":["http:\/\/www.add-design.it"]}]}},"_links":{"self":[{"href":"https:\/\/www.l-aroma.it\/en\/wp-json\/wp\/v2\/posts\/2278","targetHints":{"allow":["GET"]}}],"collection":[{"href":"https:\/\/www.l-aroma.it\/en\/wp-json\/wp\/v2\/posts"}],"about":[{"href":"https:\/\/www.l-aroma.it\/en\/wp-json\/wp\/v2\/types\/post"}],"author":[{"embeddable":true,"href":"https:\/\/www.l-aroma.it\/en\/wp-json\/wp\/v2\/users\/5"}],"replies":[{"embeddable":true,"href":"https:\/\/www.l-aroma.it\/en\/wp-json\/wp\/v2\/comments?post=2278"}],"version-history":[{"count":5,"href":"https:\/\/www.l-aroma.it\/en\/wp-json\/wp\/v2\/posts\/2278\/revisions"}],"predecessor-version":[{"id":2286,"href":"https:\/\/www.l-aroma.it\/en\/wp-json\/wp\/v2\/posts\/2278\/revisions\/2286"}],"wp:featuredmedia":[{"embeddable":true,"href":"https:\/\/www.l-aroma.it\/en\/wp-json\/wp\/v2\/media\/2282"}],"wp:attachment":[{"href":"https:\/\/www.l-aroma.it\/en\/wp-json\/wp\/v2\/media?parent=2278"}],"wp:term":[{"taxonomy":"category","embeddable":true,"href":"https:\/\/www.l-aroma.it\/en\/wp-json\/wp\/v2\/categories?post=2278"},{"taxonomy":"post_tag","embeddable":true,"href":"https:\/\/www.l-aroma.it\/en\/wp-json\/wp\/v2\/tags?post=2278"}],"curies":[{"name":"wp","href":"https:\/\/api.w.org\/{rel}","templated":true}]}}